{"id":2509,"count":1,"description":"","link":"https:\/\/bongda.51youzi.com\/index.php\/tag\/u23-viet-nam-khuat-van-khang-afc-u23-chau-a-the-cong-viettel-doi-truong\/","name":"U23 Vi\u1ec7t Nam Khu\u1ea5t V\u0103n Khang AFC U23 ch\u00e2u \u00c1 Th\u1ec3 C\u00f4ng Viettel \u0111\u1ed9i tr\u01b0\u1edfng","slug":"u23-viet-nam-khuat-van-khang-afc-u23-chau-a-the-cong-viettel-doi-truong","taxonomy":"post_tag","meta":[],"_links":{"self":[{"href":"https:\/\/bongda.51youzi.com\/index.php\/wp-json\/wp\/v2\/tags\/2509","targetHints":{"allow":["GET"]}}],"collection":[{"href":"https:\/\/bongda.51youzi.com\/index.php\/wp-json\/wp\/v2\/tags"}],"about":[{"href":"https:\/\/bongda.51youzi.com\/index.php\/wp-json\/wp\/v2\/taxonomies\/post_tag"}],"wp:post_type":[{"href":"https:\/\/bongda.51youzi.com\/index.php\/wp-json\/wp\/v2\/posts?tags=2509"}],"curies":[{"name":"wp","href":"https:\/\/api.w.org\/{rel}","templated":true}]}}